{"id":10366,"date":"2026-04-27T08:40:20","date_gmt":"2026-04-27T11:40:20","guid":{"rendered":"https:\/\/www.vet.una.py\/?p=10366"},"modified":"2026-04-27T08:40:20","modified_gmt":"2026-04-27T11:40:20","slug":"siete-decadas-de-ciencia-y-tradicion-la-facultad-de-ciencias-veterinarias-de-la-una-celebro-su-aniversario","status":"publish","type":"post","link":"https:\/\/www.vet.una.py\/?p=10366","title":{"rendered":"SIETE D\u00c9CADAS DE CIENCIA Y TRADICI\u00d3N: LA FACULTAD DE CIENCIAS VETERINARIAS DE LA UNA CELEBR\u00d3 SU ANIVERSARIO"},"content":{"rendered":"\n<p>El jueves 23 de abril de 2026 se realiz\u00f3 en el polideportivo de la Facultad de Ciencias Veterinarias de la UNA un acto conmemorativo por los 70 a\u00f1os de la instituci\u00f3n. La jornada reuni\u00f3 a docentes, estudiantes y funcionarios en un evento que combin\u00f3 presentaciones art\u00edsticas y espacios de exposici\u00f3n acad\u00e9mica.<\/p>\n\n\n\n<figure class=\"wp-block-image size-large\"><img loading=\"lazy\" width=\"1024\" height=\"768\" src=\"https:\/\/www.vet.una.py\/wp-content\/uploads\/2026\/04\/679057725_1483359743578705_5761990034429616713_n-1024x768.jpg\" alt=\"\" class=\"wp-image-10370\" srcset=\"https:\/\/www.vet.una.py\/wp-content\/uploads\/2026\/04\/679057725_1483359743578705_5761990034429616713_n-1024x768.jpg 1024w, https:\/\/www.vet.una.py\/wp-content\/uploads\/2026\/04\/679057725_1483359743578705_5761990034429616713_n-300x225.jpg 300w, https:\/\/www.vet.una.py\/wp-content\/uploads\/2026\/04\/679057725_1483359743578705_5761990034429616713_n-768x576.jpg 768w, https:\/\/www.vet.una.py\/wp-content\/uploads\/2026\/04\/679057725_1483359743578705_5761990034429616713_n-1536x1152.jpg 1536w, https:\/\/www.vet.una.py\/wp-content\/uploads\/2026\/04\/679057725_1483359743578705_5761990034429616713_n.jpg 2048w\" sizes=\"(max-width: 1024px) 100vw, 1024px\" \/><\/figure>\n\n\n\n<p>La actividad fue organizada de manera conjunta por la Direcci\u00f3n de Extensi\u00f3n Universitaria, la Direcci\u00f3n Acad\u00e9mica, la Biblioteca y Centro de Documentaci\u00f3n e Informaci\u00f3n, la Coordinaci\u00f3n de Alianza P\u00fablico-Privada y el Centro de Estudiantes de la FCV-UNA y cont\u00f3 con la participaci\u00f3n de los distintos departamentos, divisiones y filiales de la facultad, que presentaron stands informativos sobre sus \u00e1reas de trabajo, proyectos y actividades. Tambi\u00e9n participaron estudiantes con presentaciones art\u00edsticas.<\/p>\n\n\n\n<figure class=\"wp-block-image size-large\"><img loading=\"lazy\" width=\"1024\" height=\"768\" src=\"https:\/\/www.vet.una.py\/wp-content\/uploads\/2026\/04\/678843972_1483359753578704_985477049201633432_n-1024x768.jpg\" alt=\"\" class=\"wp-image-10367\" srcset=\"https:\/\/www.vet.una.py\/wp-content\/uploads\/2026\/04\/678843972_1483359753578704_985477049201633432_n-1024x768.jpg 1024w, https:\/\/www.vet.una.py\/wp-content\/uploads\/2026\/04\/678843972_1483359753578704_985477049201633432_n-300x225.jpg 300w, https:\/\/www.vet.una.py\/wp-content\/uploads\/2026\/04\/678843972_1483359753578704_985477049201633432_n-768x576.jpg 768w, https:\/\/www.vet.una.py\/wp-content\/uploads\/2026\/04\/678843972_1483359753578704_985477049201633432_n-1536x1152.jpg 1536w, https:\/\/www.vet.una.py\/wp-content\/uploads\/2026\/04\/678843972_1483359753578704_985477049201633432_n.jpg 2048w\" sizes=\"(max-width: 1024px) 100vw, 1024px\" \/><\/figure>\n\n\n\n<p>Apertura del acto<\/p>\n\n\n\n<p>Las palabras de apertura estuvieron a cargo de la Decana, Prof. Dra. Viviana R\u00edos Mor\u00ednigo, quien realiz\u00f3 una rese\u00f1a hist\u00f3rica de la instituci\u00f3n y dio la bienvenida a los presentes. En su intervenci\u00f3n, felicit\u00f3 a la comunidad acad\u00e9mica por el aniversario y destac\u00f3 el recorrido de la facultad a lo largo de sus siete d\u00e9cadas.<\/p>\n\n\n\n<figure class=\"wp-block-image size-large\"><img loading=\"lazy\" width=\"1024\" height=\"768\" src=\"https:\/\/www.vet.una.py\/wp-content\/uploads\/2026\/04\/679081833_1483359750245371_8916482478704767412_n-1024x768.jpg\" alt=\"\" class=\"wp-image-10371\" srcset=\"https:\/\/www.vet.una.py\/wp-content\/uploads\/2026\/04\/679081833_1483359750245371_8916482478704767412_n-1024x768.jpg 1024w, https:\/\/www.vet.una.py\/wp-content\/uploads\/2026\/04\/679081833_1483359750245371_8916482478704767412_n-300x225.jpg 300w, https:\/\/www.vet.una.py\/wp-content\/uploads\/2026\/04\/679081833_1483359750245371_8916482478704767412_n-768x576.jpg 768w, https:\/\/www.vet.una.py\/wp-content\/uploads\/2026\/04\/679081833_1483359750245371_8916482478704767412_n-1536x1152.jpg 1536w, https:\/\/www.vet.una.py\/wp-content\/uploads\/2026\/04\/679081833_1483359750245371_8916482478704767412_n.jpg 2048w\" sizes=\"(max-width: 1024px) 100vw, 1024px\" \/><\/figure>\n\n\n\n<p>Espacio art\u00edstico y cultural<\/p>\n\n\n\n<p>El programa incluy\u00f3 presentaciones musicales y de danza que marcaron distintos momentos art\u00edsticos de la jornada. La Orquesta de la FCV interpret\u00f3 un popurr\u00ed de guaranias, mientras que el Elenco de Danza de la Facultad de Ciencias Veterinarias de la UNA present\u00f3 coreograf\u00edas inspiradas en la danza paraguaya y propuestas de danza contempor\u00e1nea. Tambi\u00e9n hubo interpretaciones vocales que acompa\u00f1aron la celebraci\u00f3n, en un ambiente de participaci\u00f3n y acompa\u00f1amiento de la comunidad acad\u00e9mica.<\/p>\n\n\n\n<figure class=\"wp-block-image size-large\"><img loading=\"lazy\" width=\"1024\" height=\"768\" src=\"https:\/\/www.vet.una.py\/wp-content\/uploads\/2026\/04\/679677448_1483360866911926_7271714523884366963_n-1024x768.jpg\" alt=\"\" class=\"wp-image-10369\" srcset=\"https:\/\/www.vet.una.py\/wp-content\/uploads\/2026\/04\/679677448_1483360866911926_7271714523884366963_n-1024x768.jpg 1024w, https:\/\/www.vet.una.py\/wp-content\/uploads\/2026\/04\/679677448_1483360866911926_7271714523884366963_n-300x225.jpg 300w, https:\/\/www.vet.una.py\/wp-content\/uploads\/2026\/04\/679677448_1483360866911926_7271714523884366963_n-768x576.jpg 768w, https:\/\/www.vet.una.py\/wp-content\/uploads\/2026\/04\/679677448_1483360866911926_7271714523884366963_n-1536x1152.jpg 1536w, https:\/\/www.vet.una.py\/wp-content\/uploads\/2026\/04\/679677448_1483360866911926_7271714523884366963_n.jpg 2048w\" sizes=\"(max-width: 1024px) 100vw, 1024px\" \/><\/figure>\n","protected":false},"excerpt":{"rendered":"<p>El jueves 23 de abril de 2026 se realiz\u00f3 en el polideportivo de la Facultad [&hellip;]<\/p>\n","protected":false},"author":1,"featured_media":10368,"comment_status":"open","ping_status":"open","sticky":false,"template":"","format":"standard","meta":[],"categories":[137],"tags":[],"_links":{"self":[{"href":"https:\/\/www.vet.una.py\/index.php?rest_route=\/wp\/v2\/posts\/10366"}],"collection":[{"href":"https:\/\/www.vet.una.py\/index.php?rest_route=\/wp\/v2\/posts"}],"about":[{"href":"https:\/\/www.vet.una.py\/index.php?rest_route=\/wp\/v2\/types\/post"}],"author":[{"embeddable":true,"href":"https:\/\/www.vet.una.py\/index.php?rest_route=\/wp\/v2\/users\/1"}],"replies":[{"embeddable":true,"href":"https:\/\/www.vet.una.py\/index.php?rest_route=%2Fwp%2Fv2%2Fcomments&post=10366"}],"version-history":[{"count":1,"href":"https:\/\/www.vet.una.py\/index.php?rest_route=\/wp\/v2\/posts\/10366\/revisions"}],"predecessor-version":[{"id":10372,"href":"https:\/\/www.vet.una.py\/index.php?rest_route=\/wp\/v2\/posts\/10366\/revisions\/10372"}],"wp:featuredmedia":[{"embeddable":true,"href":"https:\/\/www.vet.una.py\/index.php?rest_route=\/wp\/v2\/media\/10368"}],"wp:attachment":[{"href":"https:\/\/www.vet.una.py\/index.php?rest_route=%2Fwp%2Fv2%2Fmedia&parent=10366"}],"wp:term":[{"taxonomy":"category","embeddable":true,"href":"https:\/\/www.vet.una.py\/index.php?rest_route=%2Fwp%2Fv2%2Fcategories&post=10366"},{"taxonomy":"post_tag","embeddable":true,"href":"https:\/\/www.vet.una.py\/index.php?rest_route=%2Fwp%2Fv2%2Ftags&post=10366"}],"curies":[{"name":"wp","href":"https:\/\/api.w.org\/{rel}","templated":true}]}}