{"id":10362,"date":"2026-04-27T08:37:06","date_gmt":"2026-04-27T11:37:06","guid":{"rendered":"https:\/\/www.vet.una.py\/?p=10362"},"modified":"2026-04-27T08:37:06","modified_gmt":"2026-04-27T11:37:06","slug":"la-fcv-una-y-la-asociacion-paraguaya-de-productores-de-conejos-firman-convenio-de-cooperacion","status":"publish","type":"post","link":"https:\/\/www.vet.una.py\/?p=10362","title":{"rendered":"LA FCV UNA Y LA ASOCIACI\u00d3N PARAGUAYA DE PRODUCTORES DE CONEJOS FIRMAN CONVENIO DE COOPERACI\u00d3N"},"content":{"rendered":"\n<p>El 23 de abril de 2026, la Facultad de Ciencias Veterinarias de la UNA y la Asociaci\u00f3n Paraguaya de Productores de Conejos (APPC) suscribieron un convenio marco de cooperaci\u00f3n interinstitucional, con el objetivo de impulsar acciones conjuntas en \u00e1reas de inter\u00e9s com\u00fan.<\/p>\n\n\n\n<p>El acuerdo fue firmado por la decana de la FCV UNA, Prof. Dra. Viviana Mar\u00eda R\u00edos Mor\u00ednigo, y el presidente de la APPC, C.P. Lorenzo Encina, quienes coincidieron en la importancia de fortalecer el trabajo articulado entre la academia y el sector productivo.<\/p>\n\n\n\n<figure class=\"wp-block-image size-large\"><img loading=\"lazy\" width=\"1024\" height=\"768\" src=\"https:\/\/www.vet.una.py\/wp-content\/uploads\/2026\/04\/1-4-1024x768.png\" alt=\"\" class=\"wp-image-10364\" srcset=\"https:\/\/www.vet.una.py\/wp-content\/uploads\/2026\/04\/1-4-1024x768.png 1024w, https:\/\/www.vet.una.py\/wp-content\/uploads\/2026\/04\/1-4-300x225.png 300w, https:\/\/www.vet.una.py\/wp-content\/uploads\/2026\/04\/1-4-768x576.png 768w, https:\/\/www.vet.una.py\/wp-content\/uploads\/2026\/04\/1-4-1536x1152.png 1536w, https:\/\/www.vet.una.py\/wp-content\/uploads\/2026\/04\/1-4.png 2048w\" sizes=\"(max-width: 1024px) 100vw, 1024px\" \/><\/figure>\n\n\n\n<p>La iniciativa busca promover estrategias de colaboraci\u00f3n orientadas al desarrollo de actividades que aporten al crecimiento del sector cun\u00edcola y generen beneficios para la sociedad.<\/p>\n\n\n\n<p>Durante el acto estuvieron presentes el Prof. Dr. Oscar G\u00f3mez, jefe de la Divisi\u00f3n Cunicultura de la FCV UNA, y el Prof. Dr. Javier Kanazawa, representante de la Coordinaci\u00f3n de Alianza P\u00fablico-Privada de la instituci\u00f3n.<\/p>\n","protected":false},"excerpt":{"rendered":"<p>El 23 de abril de 2026, la Facultad de Ciencias Veterinarias de la UNA y [&hellip;]<\/p>\n","protected":false},"author":1,"featured_media":10363,"comment_status":"open","ping_status":"open","sticky":false,"template":"","format":"standard","meta":[],"categories":[137],"tags":[],"_links":{"self":[{"href":"https:\/\/www.vet.una.py\/index.php?rest_route=\/wp\/v2\/posts\/10362"}],"collection":[{"href":"https:\/\/www.vet.una.py\/index.php?rest_route=\/wp\/v2\/posts"}],"about":[{"href":"https:\/\/www.vet.una.py\/index.php?rest_route=\/wp\/v2\/types\/post"}],"author":[{"embeddable":true,"href":"https:\/\/www.vet.una.py\/index.php?rest_route=\/wp\/v2\/users\/1"}],"replies":[{"embeddable":true,"href":"https:\/\/www.vet.una.py\/index.php?rest_route=%2Fwp%2Fv2%2Fcomments&post=10362"}],"version-history":[{"count":1,"href":"https:\/\/www.vet.una.py\/index.php?rest_route=\/wp\/v2\/posts\/10362\/revisions"}],"predecessor-version":[{"id":10365,"href":"https:\/\/www.vet.una.py\/index.php?rest_route=\/wp\/v2\/posts\/10362\/revisions\/10365"}],"wp:featuredmedia":[{"embeddable":true,"href":"https:\/\/www.vet.una.py\/index.php?rest_route=\/wp\/v2\/media\/10363"}],"wp:attachment":[{"href":"https:\/\/www.vet.una.py\/index.php?rest_route=%2Fwp%2Fv2%2Fmedia&parent=10362"}],"wp:term":[{"taxonomy":"category","embeddable":true,"href":"https:\/\/www.vet.una.py\/index.php?rest_route=%2Fwp%2Fv2%2Fcategories&post=10362"},{"taxonomy":"post_tag","embeddable":true,"href":"https:\/\/www.vet.una.py\/index.php?rest_route=%2Fwp%2Fv2%2Ftags&post=10362"}],"curies":[{"name":"wp","href":"https:\/\/api.w.org\/{rel}","templated":true}]}}